{"id":644,"date":"2026-04-25T20:22:56","date_gmt":"2026-04-26T02:22:56","guid":{"rendered":"https:\/\/pozol.espora.org\/?p=644"},"modified":"2026-04-25T20:24:59","modified_gmt":"2026-04-26T02:24:59","slug":"nicolas-ruiz-chiapas-quieren-poner-que-la-causa-de-la-muerte-es-natural-ningun-natural-fueron-victimas-de-la-violencia-generalizada-y-sistematica-que-hemos-vivido-en-chiapas-y-en-todo-mexico","status":"publish","type":"post","link":"https:\/\/pozol.espora.org\/?p=644","title":{"rendered":"Nicol\u00e1s Ruiz, Chiapas: \u00abquieren poner que la causa de la muerte es \u00abnatural\u00bb, ning\u00fan natural, fueron v\u00edctimas de la violencia generalizada y sistem\u00e1tica que hemos vivido en Chiapas y en todo M\u00e9xico\u00bb"},"content":{"rendered":"\n<p>Nicol\u00e1s Ruiz, Chiapas, M\u00e9xico.<br>25 de abril de 2026<\/p>\n\n\n\n<p>Bolet\u00edn de prensa<\/p>\n\n\n\n<p>Ataque armado a nuestro pueblo organizado, contra la violencia sistem\u00e1tica y generalizada en&nbsp;<br>Chiapas.<\/p>\n\n\n\n<p>A los medios de comunicaci\u00f3n nacional e internacional&nbsp;<br>Al Ejercito Zapatista de Liberaci\u00f3n Nacional&nbsp;<br>A las organizaciones que luchan por los derechos humanos<\/p>\n\n\n\n<p>Hermanas y hermanos,&nbsp;<\/p>\n\n\n\n<p>Somos un pueblo tseltal, que lo \u00fanico que defendemos es la paz en nuestro territorio.<\/p>\n\n\n\n<p>Lamentablemente el d\u00eda 24 de abril de 2026, nuestro pueblo volvi\u00f3 a ser blanco de ataque de grupos del crimen organizado o paramilitares, que el gobierno y todos los niveles de gobierno saben muy bien quienes son. Ayer aproximadamente las 15:00 horas, cinco camionetas con gente armada entraron a nuestro pueblo: tres entraron del lado de los terrenos de San Juan y dos del lado de los predios de Santa Lucia, estos \u00faltimos pasaron por el pueblo disparando y asesinando a Jos\u00e9 Alfredo Jim\u00e9nez Paredes y Luis Angel G\u00f3mez Ram\u00edrez; resultando heridos Romeo L\u00f3pez P\u00e9rez y Raquel L\u00f3pez D\u00edaz. Hasta momento nuestro compa\u00f1ero \u00c1ngel Jim\u00e9nez L\u00f3pez se encuentra desaparecido y no sabemos a donde se lo llevaron, aunque el d\u00eda de hoy, recibimos el reporte de que una persona se encontraba tirada al lado de la carretera en la colonia 20 de noviembre pero no era nuestro compa\u00f1ero desaparecido y nuestra incertidumbre ha crecido.<\/p>\n\n\n\n<p>Los m\u00e9dicos tienen miedo de poner en las actas de defunci\u00f3n de nuestros compa\u00f1eros ca\u00eddos la verdad<br>de c\u00f3mo los encontramos y cu\u00e1l fue la causa de la muerte, y quieren poner que la causa de la muerte es \u00abnatural\u00bb, ning\u00fan natural, fueron v\u00edctimas de la violencia generalizada y sistem\u00e1tica que hemos vivido en Chiapas y en todo M\u00e9xico.<\/p>\n\n\n\n<p>Por la tarde de ayer, el delegado de gobierno Juan Luis Zarasua, acudi\u00f3 a nuestro pueblo para ofrecernos retenes polic\u00edacos, nosotros no estamos solicitando eso, somos nosotros mismo que hemos restablecido la paz y no el mal gobierno, porque somos un pueblo organizado desde nuestra Asamblea de Bienes Comunales y exigimos respeto a nuestro territorio.<\/p>\n\n\n\n<p>Recordamos que el a\u00f1o pasado, nos organizamos como Alianza por la Seguridad y el Bien de nuestros Territorios, conformada varias comunidades aleda\u00f1as para las guardias comunitarias, haciendo rond\u00ednes para evitar que entre la delincuencia en nuestros territorios. Tomamos estos acuerdo porque vimos que las autoridades estatales y federales han omitido su responsabilidad en la seguridad o son parte de la violencia generalizada. As\u00ed como pueblos organizados seguiremos trabajando por la construcci\u00f3n de paz.<\/p>\n\n\n\n<p>Nosotros no tenemos ning\u00fan otro problema, algunos medios de comunicaci\u00f3n dicen que estamos en disputa de tierras, eso fue antes, ahora hemos logrado nuestra lucha y seguimos organizados, por lo que pedimos que no confundan nuestra lucha.<\/p>\n\n\n\n<p>Nos declaramos en alerta m\u00e1xima y con m\u00e1s ganas de defender nuestro territorio, el pueblo de Nicol\u00e1s Ruiz es un pueblo con valor y con esp\u00edritu.<\/p>\n\n\n\n<p>Aunque sabemos que no va a pasar, pero es responsabilidad del Estado mexicano y su gobierno, una investigaci\u00f3n, pronta y diligente de este crimen e identifique a los responsables materiales e intelectuales los castigue y desde ahora, repare todo el da\u00f1o que ha causado.<\/p>\n\n\n\n<p>Exigimos al Estado mexicano y a su fuerza p\u00fablica la aparici\u00f3n inmediata y con vida de nuestro compa\u00f1ero \u00c1ngel Jim\u00e9nez L\u00f3pez quien hasta este momento se encuentra desaparecido y le hacemos<br>responsable de lo que le suceda.<\/p>\n\n\n\n<p>Exigimos nuestro derecho de vivir en paz y el respeto a nuestra autonom\u00eda de acuerdo al Convenio 169 de la OIT sobre pueblos ind\u00edgenas que somos.<\/p>\n\n\n\n<p>Hacemos un llamado a la solidaridad nacional e internacional para estar atentos y exigir al Estado mexicano detener la violencia contra la lucha de los pueblos organizados y en paz.<\/p>\n\n\n\n<p>Porque es el Estado, exigimos justicia.<br>Porque es el Estado, no nos callaremos.<br>Porque es el Estado, vivos de los llevaron y vimos los queremos.<\/p>\n\n\n\n<p>Atentamente,<\/p>\n\n\n\n<p>Pueblo Organizado de Nicol\u00e1s Ruiz, Chiapas.<br>Alianza por la Seguridad y el Bien de nuestros Territorios<\/p>\n\n\n\n<p>Foto : \u00c1ngel Jim\u00e9nez L\u00f3pez, habitante de Nicol\u00e1s Ruiz desaparecido <\/p>\n","protected":false},"excerpt":{"rendered":"<p>Nicol\u00e1s Ruiz, Chiapas, M\u00e9xico.25 de abril de 2026 Bolet\u00edn de prensa Ataque armado a nuestro pueblo organizado, contra la violencia sistem\u00e1tica y generalizada en&nbsp;Chiapas. A los medios de comunicaci\u00f3n nacional e internacional&nbsp;Al Ejercito Zapatista de Liberaci\u00f3n Nacional&nbsp;A las organizaciones que luchan por los derechos humanos Hermanas y hermanos,&nbsp; Somos un pueblo tseltal, que lo \u00fanico&#8230;<\/p>\n","protected":false},"author":1,"featured_media":645,"comment_status":"open","ping_status":"open","sticky":false,"template":"","format":"standard","meta":{"footnotes":""},"categories":[4,6,11,14,5],"tags":[115,95,27,37,32,67,124,35],"_links":{"self":[{"href":"https:\/\/pozol.espora.org\/index.php?rest_route=\/wp\/v2\/posts\/644"}],"collection":[{"href":"https:\/\/pozol.espora.org\/index.php?rest_route=\/wp\/v2\/posts"}],"about":[{"href":"https:\/\/pozol.espora.org\/index.php?rest_route=\/wp\/v2\/types\/post"}],"author":[{"embeddable":true,"href":"https:\/\/pozol.espora.org\/index.php?rest_route=\/wp\/v2\/users\/1"}],"replies":[{"embeddable":true,"href":"https:\/\/pozol.espora.org\/index.php?rest_route=%2Fwp%2Fv2%2Fcomments&post=644"}],"version-history":[{"count":3,"href":"https:\/\/pozol.espora.org\/index.php?rest_route=\/wp\/v2\/posts\/644\/revisions"}],"predecessor-version":[{"id":648,"href":"https:\/\/pozol.espora.org\/index.php?rest_route=\/wp\/v2\/posts\/644\/revisions\/648"}],"wp:featuredmedia":[{"embeddable":true,"href":"https:\/\/pozol.espora.org\/index.php?rest_route=\/wp\/v2\/media\/645"}],"wp:attachment":[{"href":"https:\/\/pozol.espora.org\/index.php?rest_route=%2Fwp%2Fv2%2Fmedia&parent=644"}],"wp:term":[{"taxonomy":"category","embeddable":true,"href":"https:\/\/pozol.espora.org\/index.php?rest_route=%2Fwp%2Fv2%2Fcategories&post=644"},{"taxonomy":"post_tag","embeddable":true,"href":"https:\/\/pozol.espora.org\/index.php?rest_route=%2Fwp%2Fv2%2Ftags&post=644"}],"curies":[{"name":"wp","href":"https:\/\/api.w.org\/{rel}","templated":true}]}}