{"id":854,"date":"2026-09-02T14:12:14","date_gmt":"2026-09-02T20:12:14","guid":{"rendered":"https:\/\/pozol.espora.org\/?p=854"},"modified":"2026-09-02T14:57:12","modified_gmt":"2026-09-02T20:57:12","slug":"ezln-llama-a-organizarse-en-este-pueblo-que-se-llama-mexico-y-que-se-llama-chiapas-y-que-se-llama-comunidades-y-pueblos-originarios","status":"publish","type":"post","link":"https:\/\/pozol.espora.org\/?p=854","title":{"rendered":"El EZLN llama a organizarse: en este pueblo que se llama M\u00e9xico y que se llama Chiapas y que se llama comunidades y pueblos originarios."},"content":{"rendered":"\n<p>Tenejapa, Chiapas. 30 de agosto. En un ambiente festivo del Caracol VII Jacinto Canek en Winikton, termin\u00f3 hoy el Encuentro de Arte y Resistencia y Rebeld\u00eda. ResignArte u OrganizArte, en los Altos de Chiapas. La poes\u00eda, el canto, la danza, el teatro, entre otras manifestaciones art\u00edsticas, se han sucedido en el templete y la cancha, adem\u00e1s de talleres y retas de ajedrez. As\u00ed se concluye un mes de actividades pol\u00edtico-culturales de los pueblos organizados y participantes del pa\u00eds y el mundo, en las cuales se destac\u00f3 el protagonismo de las nuevas generaciones apoyados por sus mayores que vivieron el alzamiento de 1994 y no han claudicado. Al contrario han avanzado en salud, educaci\u00f3n, Justicia, comunicaci\u00f3n y ahora lo que llaman el Com\u00fan. En palabras de un joven raperos del Caracol de Garrucha, \u00abS\u00ed al Com\u00fan, no a la propiedad porque no sirve a la humanidad\u00bb.<\/p>\n\n\n\n<p>\u00abCreemos de que ahora, con este encuentro de Artes, nos da m\u00e1s fuerza, m\u00e1s fortaleza, m\u00e1s idea de c\u00f3mo tenemos que organizarnos de aqu\u00ed en adelante nosotros las y los zapatistas. Esperemos que as\u00ed sea para nuestros compa\u00f1eros, compa\u00f1eras y compa\u00f1eroas\u00bb, comparti\u00f3 el Subcomandante Insurgente Mois\u00e9s, en la ceremonia de clausura.<\/p>\n\n\n\n<p>\u00abNosotros los zapatistas no les creemos ya ni un tantito a los que seguir\u00e1n diciendo que van a gobernar a este pueblo de M\u00e9xico. Han pasado distintos gobiernos, con tantas palabras que dicen que ahora s\u00ed van a resolver, estamos aburridos ya de escuchar eso y nunca lo van a hacer\u00bb, explic\u00f3 Mois\u00e9s a los presentes.<\/p>\n\n\n\n<p>\u00abNosotros las y los zapatistas estamos convencidos totalmente de la necesidad que tenemos de organizarnos hombres y mujeres ac\u00e1 en este pueblo que se llama M\u00e9xico y que se llama Chiapas y que se llama comunidades y pueblos originarios\u00bb, abund\u00f3 el dirigente zapatista.<\/p>\n\n\n\n<p>Ante una necesidad tan dolorosa de lo que padecen los pueblos originarios, el EZLN no necesitan pedirle permiso a nadie para organizarse, afirm\u00f3 Mois\u00e9s, ante Bases de Apoyo Zapatistas e invitados de diferentes partes del mundo.<\/p>\n\n\n\n<p>El clima en el Caracol Jacinto Canek, fue de reflexi\u00f3n pero tambi\u00e9n de sentimientos encontrados por el final del encuentro, ya que este mes de actividades art\u00edsticas convocadas por el EZLN, sirvi\u00f3 para que personas de diferentes nacionales conocieran un poco m\u00e1s sobre la organizaci\u00f3n aut\u00f3noma de los ind\u00edgenas chiapanecos.<\/p>\n\n\n\n<p>La siguiente actividad p\u00fablica que tienen las y los rebeldes zapatistas es la de estar en la CDMX durante todo el mes de diciembre pr\u00f3ximo, donde tendr\u00e1n encuentro con las madres buscadoras de personas desaparecidas, as\u00ed como con colectivos y organizaciones independientes <\/p>\n\n\n\n<p><\/p>\n","protected":false},"excerpt":{"rendered":"<p>Tenejapa, Chiapas. 30 de agosto. En un ambiente festivo del Caracol VII Jacinto Canek en Winikton, termin\u00f3 hoy el Encuentro de Arte y Resistencia y Rebeld\u00eda. ResignArte u OrganizArte, en los Altos de Chiapas. La poes\u00eda, el canto, la danza, el teatro, entre otras manifestaciones art\u00edsticas, se han sucedido en el templete y la cancha,&#8230;<\/p>\n","protected":false},"author":1,"featured_media":732,"comment_status":"open","ping_status":"open","sticky":false,"template":"","format":"standard","meta":{"footnotes":""},"categories":[4,11,14,5],"tags":[115,94,27,138,82,18,67,29,130],"_links":{"self":[{"href":"https:\/\/pozol.espora.org\/index.php?rest_route=\/wp\/v2\/posts\/854"}],"collection":[{"href":"https:\/\/pozol.espora.org\/index.php?rest_route=\/wp\/v2\/posts"}],"about":[{"href":"https:\/\/pozol.espora.org\/index.php?rest_route=\/wp\/v2\/types\/post"}],"author":[{"embeddable":true,"href":"https:\/\/pozol.espora.org\/index.php?rest_route=\/wp\/v2\/users\/1"}],"replies":[{"embeddable":true,"href":"https:\/\/pozol.espora.org\/index.php?rest_route=%2Fwp%2Fv2%2Fcomments&post=854"}],"version-history":[{"count":3,"href":"https:\/\/pozol.espora.org\/index.php?rest_route=\/wp\/v2\/posts\/854\/revisions"}],"predecessor-version":[{"id":856,"href":"https:\/\/pozol.espora.org\/index.php?rest_route=\/wp\/v2\/posts\/854\/revisions\/856"}],"wp:featuredmedia":[{"embeddable":true,"href":"https:\/\/pozol.espora.org\/index.php?rest_route=\/wp\/v2\/media\/732"}],"wp:attachment":[{"href":"https:\/\/pozol.espora.org\/index.php?rest_route=%2Fwp%2Fv2%2Fmedia&parent=854"}],"wp:term":[{"taxonomy":"category","embeddable":true,"href":"https:\/\/pozol.espora.org\/index.php?rest_route=%2Fwp%2Fv2%2Fcategories&post=854"},{"taxonomy":"post_tag","embeddable":true,"href":"https:\/\/pozol.espora.org\/index.php?rest_route=%2Fwp%2Fv2%2Ftags&post=854"}],"curies":[{"name":"wp","href":"https:\/\/api.w.org\/{rel}","templated":true}]}}